{"id":1291,"date":"2023-08-27T10:04:36","date_gmt":"2023-08-27T08:04:36","guid":{"rendered":"https:\/\/tanja-hoyer.de\/?p=1291"},"modified":"2025-05-08T14:39:48","modified_gmt":"2025-05-08T12:39:48","slug":"queerzeit","status":"publish","type":"post","link":"https:\/\/tanja-hoyer.de\/?p=1291","title":{"rendered":"Queerzeit"},"content":{"rendered":"<div class=\"wp-block-image\">\n<figure class=\"alignleft size-large is-resized\"><a href=\"https:\/\/tanja-hoyer.de\/wp-content\/uploads\/2023\/08\/740F2643-5F9F-469E-AFBF-D8AD893197A3.jpeg\"><img loading=\"lazy\" decoding=\"async\" src=\"https:\/\/tanja-hoyer.de\/wp-content\/uploads\/2023\/08\/740F2643-5F9F-469E-AFBF-D8AD893197A3-819x1024.jpeg\" alt=\"\" class=\"wp-image-1296\" width=\"257\" height=\"321\" srcset=\"https:\/\/tanja-hoyer.de\/wp-content\/uploads\/2023\/08\/740F2643-5F9F-469E-AFBF-D8AD893197A3-819x1024.jpeg 819w, https:\/\/tanja-hoyer.de\/wp-content\/uploads\/2023\/08\/740F2643-5F9F-469E-AFBF-D8AD893197A3-240x300.jpeg 240w, https:\/\/tanja-hoyer.de\/wp-content\/uploads\/2023\/08\/740F2643-5F9F-469E-AFBF-D8AD893197A3-768x960.jpeg 768w, https:\/\/tanja-hoyer.de\/wp-content\/uploads\/2023\/08\/740F2643-5F9F-469E-AFBF-D8AD893197A3-1229x1536.jpeg 1229w, https:\/\/tanja-hoyer.de\/wp-content\/uploads\/2023\/08\/740F2643-5F9F-469E-AFBF-D8AD893197A3.jpeg 1440w\" sizes=\"auto, (max-width: 257px) 100vw, 257px\" \/><\/a><\/figure>\n<\/div>\n\n<div class=\"wp-block-image\">\n<figure class=\"alignright is-resized\"><a href=\"https:\/\/daria-onier.de\/wp-content\/uploads\/2023\/08\/8F2A7417-A883-4F0B-9703-C8897D3000D5.jpeg\"><img loading=\"lazy\" decoding=\"async\" src=\"https:\/\/daria-onier.de\/wp-content\/uploads\/2023\/08\/8F2A7417-A883-4F0B-9703-C8897D3000D5-820x1024.jpeg\" alt=\"\" class=\"wp-image-4392\" width=\"198\" height=\"247\"\/><\/a><\/figure>\n<\/div>\n\n\n<p><strong>Am vergangenen Donnerstag war ich im Schwarzwald zu einer #queeren Freizeit eingeladen.<\/strong><\/p>\n\n\n<div class=\"wp-block-image\">\n<figure class=\"alignright is-resized\"><a href=\"https:\/\/daria-onier.de\/wp-content\/uploads\/2023\/08\/B389FADB-9F49-41E1-9D20-E4451BEB5A4D.jpeg\"><img loading=\"lazy\" decoding=\"async\" src=\"https:\/\/daria-onier.de\/wp-content\/uploads\/2023\/08\/B389FADB-9F49-41E1-9D20-E4451BEB5A4D-819x1024.jpeg\" alt=\"\" class=\"wp-image-4390\" width=\"273\" height=\"341\"\/><\/a><\/figure>\n<\/div>\n\n\n<p><strong>Es war sein aufregender, langer und bewegender Tag. Ich wurde f\u00fcr einen Workshop zum Thema #Sexualit\u00e4t und #sexuelleGesundheit angefragt. Rund 35 Menschen im Alter von 16-27 (plus Betreuungsteam) nahmen teil. Die gr\u00f6\u00dfte Teilnehmer:innenzahl mit der gr\u00f6\u00dften Altersspanne (die Betreuer:innen waren z.T. Noch \u00e4lter) die ich je hatte. Bisher hatte ich ein \u00e4hnliches Format f\u00fcr ein Drittel der Menschen. Neu war auch, dass nur queere Teilnehmer:innen dabei waren. In Gruppen habe ich meist mit \u00fcberwiegend heteronormativen bin\u00e4re Menschen.&nbsp;<\/strong><\/p>\n\n\n\n<p><strong>Somit war ich (wie eigentlich immer) mal wieder super aufgeregt&nbsp;<\/strong>\ud83d\ude48 <strong>Aber es war einfach klasse \u2013 die Teilnehmer:innen waren super offen, aufgeschlossen, neugierig und mutig.&nbsp;<\/strong><\/p>\n\n\n\n<p><strong>Was aus dem Nachmittag entstand und sich \u00fcber viele Gespr\u00e4che bis in den Abend ausdehnte hat mich sehr bereichert. So viele spannende Fragen, tolle Themen, inspirierende Gedanken, politische Debatten, pers\u00f6nliche Anliegen, ber\u00fchrende Geschichten&nbsp;<\/strong>\ud83d\udc96<strong>&nbsp;<\/strong><\/p>\n\n\n<div class=\"wp-block-image\">\n<figure class=\"alignleft is-resized\"><a href=\"https:\/\/daria-onier.de\/wp-content\/uploads\/2023\/08\/1995DBCD-6CAE-4B04-B6AC-E2DF541BF064.jpeg\"><img loading=\"lazy\" decoding=\"async\" src=\"https:\/\/daria-onier.de\/wp-content\/uploads\/2023\/08\/1995DBCD-6CAE-4B04-B6AC-E2DF541BF064-819x1024.jpeg\" alt=\"\" class=\"wp-image-4391\" width=\"252\" height=\"315\"\/><\/a><\/figure>\n<\/div>\n\n\n<p><strong>Ich bin sehr dankbar f\u00fcr diesen Tag und dieses Erlebnis und daf\u00fcr eine Idee daf\u00fcr zu bekommen, dass nicht nur Vortr\u00e4ge vor gro\u00dfen Gruppen gut klappen sondern auch die gemeinsame Arbeit in Form eines Workshops so gut klappt&nbsp;<\/strong>\ud83d\ude4f<\/p>\n\n\n\n<p><strong>Ihr k\u00f6nnt das tolle Format der Freizeit unter www.queerzeit.eu mal anschauen.<\/strong><\/p>\n\n\n\n<p><strong>#queer #trans #sexualit\u00e4t #Sex #schwul #lesbisch #bi #homosexuell #transgender #queerzeit #intersexuell #nichtbin\u00e4r #pansexuell #lebwieduwillst #freieliebe #schwarzwald&nbsp;<\/strong><\/p>\n\n\n<div class=\"wp-block-image\">\n<figure class=\"aligncenter size-large is-resized\"><a href=\"https:\/\/tanja-hoyer.de\/wp-content\/uploads\/2023\/08\/D4FB22B6-7A82-4219-9089-403C5376E842.jpeg\"><img loading=\"lazy\" decoding=\"async\" src=\"https:\/\/tanja-hoyer.de\/wp-content\/uploads\/2023\/08\/D4FB22B6-7A82-4219-9089-403C5376E842-819x1024.jpeg\" alt=\"\" class=\"wp-image-1299\" width=\"495\" height=\"619\" srcset=\"https:\/\/tanja-hoyer.de\/wp-content\/uploads\/2023\/08\/D4FB22B6-7A82-4219-9089-403C5376E842-819x1024.jpeg 819w, https:\/\/tanja-hoyer.de\/wp-content\/uploads\/2023\/08\/D4FB22B6-7A82-4219-9089-403C5376E842-240x300.jpeg 240w, https:\/\/tanja-hoyer.de\/wp-content\/uploads\/2023\/08\/D4FB22B6-7A82-4219-9089-403C5376E842-768x960.jpeg 768w, https:\/\/tanja-hoyer.de\/wp-content\/uploads\/2023\/08\/D4FB22B6-7A82-4219-9089-403C5376E842-1229x1536.jpeg 1229w, https:\/\/tanja-hoyer.de\/wp-content\/uploads\/2023\/08\/D4FB22B6-7A82-4219-9089-403C5376E842.jpeg 1440w\" sizes=\"auto, (max-width: 495px) 100vw, 495px\" \/><\/a><\/figure>\n<\/div>","protected":false},"excerpt":{"rendered":"<p>Am vergangenen Donnerstag war ich im Schwarzwald zu einer #queeren Freizeit eingeladen. Es war sein aufregender, langer und bewegender Tag. Ich wurde f\u00fcr einen Workshop zum Thema #Sexualit\u00e4t und #sexuelleGesundheit angefragt. Rund 35 Menschen im Alter von 16-27 (plus Betreuungsteam) nahmen teil. Die gr\u00f6\u00dfte Teilnehmer:innenzahl mit der gr\u00f6\u00dften Altersspanne (die&#8230;<\/p>\n","protected":false},"author":2,"featured_media":1605,"comment_status":"open","ping_status":"open","sticky":false,"template":"","format":"standard","meta":{"footnotes":""},"categories":[1,6,10],"tags":[],"class_list":["post-1291","post","type-post","status-publish","format-standard","has-post-thumbnail","hentry","category-allgemein","category-therapeutisches","category-zusammenarbeit"],"_links":{"self":[{"href":"https:\/\/tanja-hoyer.de\/index.php?rest_route=\/wp\/v2\/posts\/1291","targetHints":{"allow":["GET"]}}],"collection":[{"href":"https:\/\/tanja-hoyer.de\/index.php?rest_route=\/wp\/v2\/posts"}],"about":[{"href":"https:\/\/tanja-hoyer.de\/index.php?rest_route=\/wp\/v2\/types\/post"}],"author":[{"embeddable":true,"href":"https:\/\/tanja-hoyer.de\/index.php?rest_route=\/wp\/v2\/users\/2"}],"replies":[{"embeddable":true,"href":"https:\/\/tanja-hoyer.de\/index.php?rest_route=%2Fwp%2Fv2%2Fcomments&post=1291"}],"version-history":[{"count":8,"href":"https:\/\/tanja-hoyer.de\/index.php?rest_route=\/wp\/v2\/posts\/1291\/revisions"}],"predecessor-version":[{"id":1301,"href":"https:\/\/tanja-hoyer.de\/index.php?rest_route=\/wp\/v2\/posts\/1291\/revisions\/1301"}],"wp:featuredmedia":[{"embeddable":true,"href":"https:\/\/tanja-hoyer.de\/index.php?rest_route=\/wp\/v2\/media\/1605"}],"wp:attachment":[{"href":"https:\/\/tanja-hoyer.de\/index.php?rest_route=%2Fwp%2Fv2%2Fmedia&parent=1291"}],"wp:term":[{"taxonomy":"category","embeddable":true,"href":"https:\/\/tanja-hoyer.de\/index.php?rest_route=%2Fwp%2Fv2%2Fcategories&post=1291"},{"taxonomy":"post_tag","embeddable":true,"href":"https:\/\/tanja-hoyer.de\/index.php?rest_route=%2Fwp%2Fv2%2Ftags&post=1291"}],"curies":[{"name":"wp","href":"https:\/\/api.w.org\/{rel}","templated":true}]}}