{"id":1304,"date":"2026-03-11T07:35:25","date_gmt":"2026-03-11T06:35:25","guid":{"rendered":"https:\/\/tanja-hoyer.de\/?p=1304"},"modified":"2026-03-11T13:25:01","modified_gmt":"2026-03-11T12:25:01","slug":"ab-in-den-urlaub","status":"publish","type":"post","link":"https:\/\/tanja-hoyer.de\/?p=1304","title":{"rendered":"Ab in den Urlaub"},"content":{"rendered":"\n<p>Liebe Klient*Innen, liebe Kolleg*Innen, liebe Neugierige,<\/p>\n\n\n\n<p>in der Zeit von Sonntag, den 15. M\u00e4rz 2026 bis einschlie\u00dflich Sonntag, den 29. M\u00e4rz 2026 mache ich Urlaub.<\/p>\n\n\n<div class=\"wp-block-image\">\n<figure class=\"aligncenter size-large is-resized\"><a href=\"https:\/\/tanja-hoyer.de\/wp-content\/uploads\/2015\/08\/IMG_6512-scaled.jpeg\"><img loading=\"lazy\" decoding=\"async\" width=\"768\" height=\"1024\" src=\"https:\/\/tanja-hoyer.de\/wp-content\/uploads\/2015\/08\/IMG_6512-768x1024.jpeg\" alt=\"\" class=\"wp-image-1632\" style=\"width:287px;height:auto\" srcset=\"https:\/\/tanja-hoyer.de\/wp-content\/uploads\/2015\/08\/IMG_6512-768x1024.jpeg 768w, https:\/\/tanja-hoyer.de\/wp-content\/uploads\/2015\/08\/IMG_6512-225x300.jpeg 225w, https:\/\/tanja-hoyer.de\/wp-content\/uploads\/2015\/08\/IMG_6512-1152x1536.jpeg 1152w, https:\/\/tanja-hoyer.de\/wp-content\/uploads\/2015\/08\/IMG_6512-1536x2048.jpeg 1536w, https:\/\/tanja-hoyer.de\/wp-content\/uploads\/2015\/08\/IMG_6512-scaled.jpeg 1920w\" sizes=\"auto, (max-width: 768px) 100vw, 768px\" \/><\/a><\/figure>\n<\/div>\n\n\n<p><\/p>\n\n\n\n<p>Ich w\u00fcnsche Ihnen bis zu unserem Wiedersehen eine gute Zeit, lassen Sie es sich bitte gut gehen.<\/p>\n\n\n\n<p>In dringenden F\u00e4llen wenden Sie sich bitte an den <strong>Psychiatrischer Notfalldienst in Stuttgart, Telefon 0711 &#8211; 116117<\/strong>.<\/p>\n\n\n\n<p>Ab Montag den 30. M\u00e4rz 2026 beantworte ich meine E-Mails und bin wieder telefonisch erreichbar.<\/p>\n\n\n\n<p>Einen wunderbaren Start in den Fr\u00fchling<\/p>\n\n\n\n<p>w\u00fcnscht Ihnen Tanja Hoyer<\/p>\n\n\n\n<p><\/p>\n","protected":false},"excerpt":{"rendered":"<p>Liebe Klient*Innen, liebe Kolleg*Innen, liebe Neugierige, in der Zeit von Sonntag, den 15. M\u00e4rz 2026 bis einschlie\u00dflich Sonntag, den 29. M\u00e4rz 2026 mache ich Urlaub. Ich w\u00fcnsche Ihnen bis zu unserem Wiedersehen eine gute Zeit, lassen Sie es sich bitte gut gehen. In dringenden F\u00e4llen wenden Sie sich bitte an&#8230;<\/p>\n","protected":false},"author":2,"featured_media":547,"comment_status":"open","ping_status":"open","sticky":false,"template":"","format":"standard","meta":{"footnotes":""},"categories":[1,4],"tags":[],"class_list":["post-1304","post","type-post","status-publish","format-standard","has-post-thumbnail","hentry","category-allgemein","category-termine"],"_links":{"self":[{"href":"https:\/\/tanja-hoyer.de\/index.php?rest_route=\/wp\/v2\/posts\/1304","targetHints":{"allow":["GET"]}}],"collection":[{"href":"https:\/\/tanja-hoyer.de\/index.php?rest_route=\/wp\/v2\/posts"}],"about":[{"href":"https:\/\/tanja-hoyer.de\/index.php?rest_route=\/wp\/v2\/types\/post"}],"author":[{"embeddable":true,"href":"https:\/\/tanja-hoyer.de\/index.php?rest_route=\/wp\/v2\/users\/2"}],"replies":[{"embeddable":true,"href":"https:\/\/tanja-hoyer.de\/index.php?rest_route=%2Fwp%2Fv2%2Fcomments&post=1304"}],"version-history":[{"count":7,"href":"https:\/\/tanja-hoyer.de\/index.php?rest_route=\/wp\/v2\/posts\/1304\/revisions"}],"predecessor-version":[{"id":1734,"href":"https:\/\/tanja-hoyer.de\/index.php?rest_route=\/wp\/v2\/posts\/1304\/revisions\/1734"}],"wp:featuredmedia":[{"embeddable":true,"href":"https:\/\/tanja-hoyer.de\/index.php?rest_route=\/wp\/v2\/media\/547"}],"wp:attachment":[{"href":"https:\/\/tanja-hoyer.de\/index.php?rest_route=%2Fwp%2Fv2%2Fmedia&parent=1304"}],"wp:term":[{"taxonomy":"category","embeddable":true,"href":"https:\/\/tanja-hoyer.de\/index.php?rest_route=%2Fwp%2Fv2%2Fcategories&post=1304"},{"taxonomy":"post_tag","embeddable":true,"href":"https:\/\/tanja-hoyer.de\/index.php?rest_route=%2Fwp%2Fv2%2Ftags&post=1304"}],"curies":[{"name":"wp","href":"https:\/\/api.w.org\/{rel}","templated":true}]}}