{"id":1341,"date":"2026-01-18T12:36:54","date_gmt":"2026-01-18T11:36:54","guid":{"rendered":"https:\/\/tanja-hoyer.de\/?p=1341"},"modified":"2026-04-07T16:38:03","modified_gmt":"2026-04-07T14:38:03","slug":"deine-entfaltung-jahresgruppe-2024","status":"publish","type":"post","link":"https:\/\/tanja-hoyer.de\/?p=1341","title":{"rendered":"Prozessabende 2026"},"content":{"rendered":"\n<p>F\u00fcr alle Neugierigen, f\u00fcr alle Selbstentdecker*innen und f\u00fcr alle, die Lust haben sich kontinuierlich weiter zu entwickeln gibt es<strong> <\/strong>nat\u00fcrlich auch wieder die M\u00f6glichkeit der Teilnahme an gemeinsamen Gruppen- und Prozessabenden.<\/p>\n\n\n\n<p>Warum die Gruppe?<\/p>\n\n\n\n<p><strong>Die Familie ist die &#8222;erste Gruppe&#8220;<\/strong>, in die wir hinein geboren wurden, ein Ort an dem viele Dinge oftmals nicht optimal gelaufen sind. Die<strong> Konfliktthemen und Lebensthemen <\/strong>die wir heute mit uns herum tragen wurden in dieser &#8222;ersten Gruppe&#8220; angelegt und gefestigt. Doch hier fehlte es meist an Vertrauen, an Vorbildern, an Tools zur Weiterentwicklung und an Raum f\u00fcr Bewusstseinsarbeit. <strong>All das k\u00f6nnen wir heute, als Erwachsene,  gemeinsam angehen, entwickeln und uns eine Gruppe gestalten in der Dinge heilsam gelingen, die bisher keine Chance, bzw. keinen Raum hatten.<\/strong><\/p>\n\n\n\n<p>In einer Gruppe von vielen Menschen kann man sich zwar gut aus dem Weg gehen, kann sich den Themen jedoch auch stellen und aus dem <strong>Potential der Gruppe sch\u00f6pfen.<\/strong> <strong>Die Wahrnehmung, die R\u00fcckmeldung, die Kraft und die Energie einer Gruppe k\u00f6nnen Dich unterst\u00fctzen und begleiten.<\/strong>  <\/p>\n\n\n\n<p>Gemeinsam gelingt es einfach besser an pers\u00f6nlichen Themen und pers\u00f6nlicher Weiterentwicklung zu arbeiten<strong>.<\/strong> Dabei wirst Du viel \u00fcber Deine Verhaltensstrategien und die Art wie Du in Kontakt mir Dir und mit anderen gehst erfahren. Die Strategien mit denen Du Dich mehr oder vielleicht auch weniger erfolgreich durch das Leben bewegst. Wichtig f\u00fcr Deine Entwicklung ist es auch den Unterschied zwischen dem gelernten Verhalten (Ego, Persona) und dem &#8222;wie Du als Mensch gemeint bist&#8220; kennenzulernen. <\/p>\n\n\n\n<p>Es kann hier darum gehen Erfahrungen als Mensch zu machen, Dinge \u00fcber Dich zu lernen und Dich darin zu unterst\u00fctzen besser und echter im Leben stehen zu k\u00f6nnen. <\/p>\n\n\n\n<p>Was m\u00f6chtest Du heraus finden? Was verstehst Du nicht? Was qu\u00e4lt oder besch\u00e4ftigt Dich? Welche Konflikte\/Sehns\u00fcchte\/Verhaltensweisen in regelm\u00e4\u00dfigen Abst\u00e4nden wieder auf? Womit geht es Dir nicht gut? Oder wor\u00fcber ben\u00f6tigst Du dringend Mal einen Austausch? F\u00fcr all dies eignet sich ein solcher &#8222;offener Abend&#8220; sehr gut.<\/p>\n\n\n\n<p><strong>In diesem Jahr arbeite ich wieder st\u00e4rker thematisch: Pers\u00f6nliche Prozesse werden im Kontext von stimmigem Kontakt erfahrbar gemacht. Jeder Abend erh\u00e4lt dabei einen eigenen Schwerpunkt, der gemeinsam erkundet und vertieft wird.<\/strong><\/p>\n\n\n\n<p>Trau Dich und nutze die Kraft der Gruppe!<\/p>\n\n\n\n<p><strong>Die Abende werde jeweils von 19-22 Uhr in meiner Praxis in Stuttgart-Gablenberg stattfinden und kosten 35\u20ac.&nbsp;<\/strong><\/p>\n\n\n\n<p><mark style=\"background-color:rgba(0, 0, 0, 0)\" class=\"has-inline-color has-vivid-red-color\"><strong>n\u00e4chster Abend:<\/strong><\/mark><\/p>\n\n\n\n<p><strong><mark style=\"background-color:rgba(0, 0, 0, 0)\" class=\"has-inline-color has-vivid-red-color\">19. Mai, gemischter Abend<\/mark><\/strong> <mark style=\"background-color:rgba(0, 0, 0, 0)\" class=\"has-inline-color has-vivid-red-color\"><em>-> hier gehts zur <\/em><\/mark><em><strong><mark style=\"background-color:rgba(0, 0, 0, 0)\" class=\"has-inline-color has-vivid-red-color\"><a href=\"https:\/\/tanja-hoyer.de\/?page_id=1779\">Anmeldung<\/a><\/mark><\/strong><\/em><\/p>\n\n\n\n<p><strong><em>Ich freue mich auf Dich \ud83d\ude42<\/em><\/strong><\/p>\n\n\n\n<p><strong>Weitere Termine f\u00fcr 2026:<\/strong><\/p>\n\n\n\n<p>30. Juni, gemischter Abend -&gt; <em><a href=\"https:\/\/tanja-hoyer.de\/?page_id=1785\">Anmeldung<\/a><\/em><\/p>\n\n\n\n<p>25. August, M\u00e4nnerabend -&gt;<em><a href=\"https:\/\/tanja-hoyer.de\/?page_id=1790\"> Anmeldung <\/a><\/em><\/p>\n\n\n\n<p>13. Oktober, gemischter Abend<\/p>\n\n\n\n<p>03. Dezember, gemischter Abend mit Weihnachtsfeier und <a href=\"https:\/\/www.paradiesprojekt.com\">Michael und Maren<\/a> in der Gruppenleitung<\/p>\n","protected":false},"excerpt":{"rendered":"<p>F\u00fcr alle Neugierigen, f\u00fcr alle Selbstentdecker*innen und f\u00fcr alle, die Lust haben sich kontinuierlich weiter zu entwickeln gibt es nat\u00fcrlich auch wieder die M\u00f6glichkeit der Teilnahme an gemeinsamen Gruppen- und Prozessabenden. Warum die Gruppe? Die Familie ist die &#8222;erste Gruppe&#8220;, in die wir hinein geboren wurden, ein Ort an dem&#8230;<\/p>\n","protected":false},"author":2,"featured_media":1599,"comment_status":"open","ping_status":"open","sticky":false,"template":"","format":"standard","meta":{"footnotes":""},"categories":[1,4,6],"tags":[],"class_list":["post-1341","post","type-post","status-publish","format-standard","has-post-thumbnail","hentry","category-allgemein","category-termine","category-therapeutisches"],"_links":{"self":[{"href":"https:\/\/tanja-hoyer.de\/index.php?rest_route=\/wp\/v2\/posts\/1341","targetHints":{"allow":["GET"]}}],"collection":[{"href":"https:\/\/tanja-hoyer.de\/index.php?rest_route=\/wp\/v2\/posts"}],"about":[{"href":"https:\/\/tanja-hoyer.de\/index.php?rest_route=\/wp\/v2\/types\/post"}],"author":[{"embeddable":true,"href":"https:\/\/tanja-hoyer.de\/index.php?rest_route=\/wp\/v2\/users\/2"}],"replies":[{"embeddable":true,"href":"https:\/\/tanja-hoyer.de\/index.php?rest_route=%2Fwp%2Fv2%2Fcomments&post=1341"}],"version-history":[{"count":10,"href":"https:\/\/tanja-hoyer.de\/index.php?rest_route=\/wp\/v2\/posts\/1341\/revisions"}],"predecessor-version":[{"id":1796,"href":"https:\/\/tanja-hoyer.de\/index.php?rest_route=\/wp\/v2\/posts\/1341\/revisions\/1796"}],"wp:featuredmedia":[{"embeddable":true,"href":"https:\/\/tanja-hoyer.de\/index.php?rest_route=\/wp\/v2\/media\/1599"}],"wp:attachment":[{"href":"https:\/\/tanja-hoyer.de\/index.php?rest_route=%2Fwp%2Fv2%2Fmedia&parent=1341"}],"wp:term":[{"taxonomy":"category","embeddable":true,"href":"https:\/\/tanja-hoyer.de\/index.php?rest_route=%2Fwp%2Fv2%2Fcategories&post=1341"},{"taxonomy":"post_tag","embeddable":true,"href":"https:\/\/tanja-hoyer.de\/index.php?rest_route=%2Fwp%2Fv2%2Ftags&post=1341"}],"curies":[{"name":"wp","href":"https:\/\/api.w.org\/{rel}","templated":true}]}}