{"id":138,"date":"2015-05-20T14:11:41","date_gmt":"2015-05-20T12:11:41","guid":{"rendered":"https:\/\/tanja-hoyer.de\/?p=138"},"modified":"2025-05-08T14:45:25","modified_gmt":"2025-05-08T12:45:25","slug":"herzarbeit-und-mehr","status":"publish","type":"post","link":"https:\/\/tanja-hoyer.de\/?p=138","title":{"rendered":"Herzarbeit und mehr*"},"content":{"rendered":"<p>Vom 7. Mai bis 10. Mai\u00a0war ich gl\u00fccklicherweise wieder Teilnehmerin auf einen &#8222;wunderbaren Workshop&#8220; der Herzarbeit.\u00a0Michael Hartenfels und seine Partnerin Maren Emde haben mich dort mit ihrer Arbeit wieder sehr beeindruckt.<\/p>\n<p>Die Thematik der Veranstaltung mit der wir uns in Berlin sehr individuell besch\u00e4ftigt haben war folgende,<\/p>\n<p><em>&#8222;Finde Dein individuelles Gl\u00fcck im Eros. Welche Anteile halte ich zur\u00fcck, die f\u00fcr mich und meine Umwelt steigernd und bereichernd w\u00e4ren? Was ist und wie entwickele ich meine erotische Intelligenz? Wie kann ich erotische Energie kreativ im Alltag oder im Kontakt ausdr\u00fccken? Wie verdiene ich mein Geld auf passende und leichte Art? F\u00fcr jede\/n gibt es einen passenden Platz, an dem er\/sie attraktiv und erfolgreich wird.&#8220;<\/em><\/p>\n<p><em>&#8222;Vor diesem Hintergrund ist es erkenntnisreich, auf unseren Beruf zu schauen.\u00a0<\/em><em>Ist er Berufung oder Notl\u00f6sung? Was ist meine wirkliche Motivation? &#8230;<\/em><\/p>\n<p>Im Hinblick auf diese Frage ist mir in der Arbeit wieder sehr deutlich geworden, wie gl\u00fccklich ich \u00fcber meine berufliche Entwicklung bin. Dar\u00fcber, dass ich nun endlich selbst\u00e4ndig im therapeutischen Bereich arbeite.\u00a0Wie in der Herzarbeit, so ist es mir in meinen Sitzungen ein gro\u00dfes Anliegen den Klienten darin zu unterst\u00fctzen,\u00a0mehr \u00fcber seine wirkliche Identit\u00e4t zu erfahren.<\/p>\n<hr \/>\n<p>&nbsp;<\/p>\n<p>&#8230;ein kleiner Einblick aus meiner Sicht:<\/p>\n<p>In den ersten sechs Lebensjahren wird ein Mensch gepr\u00e4gt, er lernt intuitiv alles von seinen Eltern, Geschwistern, Verwandten, Kindergartenkameraden\/innen. Da dies die Zeit ist, in der ein Mensch seine gr\u00f6\u00dften und schnellsten Lernschritte macht, werden unentwegt innere W\u00fcnsche, Bed\u00fcrfnisse, Gef\u00fchle mit der \u00e4u\u00dferen Welt abgeglichen. Es wird abgew\u00e4gt, &#8222;was wird von mir \u00a0erwartet, was kann ich&#8220;, &#8222;was ist erlaubt &#8211; was nicht&#8220;, &#8222;was m\u00f6chte ich und was die anderen&#8220;, &#8222;ich m\u00f6chte jetzt aber weinen, doch Mama schimpft!&#8220;&#8230;. &#8222;Die Liste ist endlos!&#8220;<\/p>\n<p>Durch die Diskrepanzen die dabei entstehen, weil das &#8222;was wir wirklich brauchen&#8220; sich von dem &#8222;was die Umwelt uns zur\u00fcckmeldet&#8220; sich recht h\u00e4ufig unterscheiden, setzen sich Vermeidungsstrategien, Konditionierungen, Abwehrverhalten in jedem von uns fest. In unserem Alltag k\u00e4mpfen wir alle nur zu h\u00e4ufig damit herum &#8211; meist stecken dahinter jedoch ganz andere Gef\u00fchle,die gerne entdeckt werden m\u00f6chten. Und nicht selten machen machen all diese Mechanismen uns auch ungl\u00fccklich oder gar krank &#8211; wie ich in meiner Arbeit immer wieder erlebe.<\/p>\n<hr \/>\n<p>&nbsp;<\/p>\n<p><em>In der der Herzarbeit auf dem Workshop wurden in Form von &#8222;Sessions oder Prozessen&#8220; hinter all die Konditionierungen geschaut. Die Informationen der Umwelt und die damit verbundenen Gef\u00fchle wurden\u00a0teilweise re-inszeniert und ganz bewusst\u00a0erlebt. Herzensthemen wurden dabei auf \u00a0sehr\u00a0besondere und wertsch\u00e4tzende Weise erarbeitet und aufgel\u00f6st.\u00a0<\/em><\/p>\n<hr \/>\n<p>&nbsp;<\/p>\n<p>Das war ein wunderbares Erleben f\u00fcr mich pers\u00f6nlich und dar\u00fcber hinaus\u00a0habe ich auch noch sehr viel Handwerkzeug f\u00fcr meine eigene Arbeit mitnehmen k\u00f6nnen.<\/p>\n<p class=\"paragraph_style_10\">\n","protected":false},"excerpt":{"rendered":"<p>Vom 7. Mai bis 10. Mai\u00a0war ich gl\u00fccklicherweise wieder Teilnehmerin auf einen &#8222;wunderbaren Workshop&#8220; der Herzarbeit.\u00a0Michael Hartenfels und seine Partnerin Maren Emde haben mich dort mit ihrer Arbeit wieder sehr beeindruckt. Die Thematik der Veranstaltung mit der wir uns in Berlin sehr individuell besch\u00e4ftigt haben war folgende, &#8222;Finde Dein individuelles&#8230;<\/p>\n","protected":false},"author":2,"featured_media":1629,"comment_status":"closed","ping_status":"closed","sticky":false,"template":"","format":"standard","meta":{"footnotes":""},"categories":[4,10],"tags":[],"class_list":["post-138","post","type-post","status-publish","format-standard","has-post-thumbnail","hentry","category-termine","category-zusammenarbeit"],"_links":{"self":[{"href":"https:\/\/tanja-hoyer.de\/index.php?rest_route=\/wp\/v2\/posts\/138","targetHints":{"allow":["GET"]}}],"collection":[{"href":"https:\/\/tanja-hoyer.de\/index.php?rest_route=\/wp\/v2\/posts"}],"about":[{"href":"https:\/\/tanja-hoyer.de\/index.php?rest_route=\/wp\/v2\/types\/post"}],"author":[{"embeddable":true,"href":"https:\/\/tanja-hoyer.de\/index.php?rest_route=\/wp\/v2\/users\/2"}],"replies":[{"embeddable":true,"href":"https:\/\/tanja-hoyer.de\/index.php?rest_route=%2Fwp%2Fv2%2Fcomments&post=138"}],"version-history":[{"count":2,"href":"https:\/\/tanja-hoyer.de\/index.php?rest_route=\/wp\/v2\/posts\/138\/revisions"}],"predecessor-version":[{"id":150,"href":"https:\/\/tanja-hoyer.de\/index.php?rest_route=\/wp\/v2\/posts\/138\/revisions\/150"}],"wp:featuredmedia":[{"embeddable":true,"href":"https:\/\/tanja-hoyer.de\/index.php?rest_route=\/wp\/v2\/media\/1629"}],"wp:attachment":[{"href":"https:\/\/tanja-hoyer.de\/index.php?rest_route=%2Fwp%2Fv2%2Fmedia&parent=138"}],"wp:term":[{"taxonomy":"category","embeddable":true,"href":"https:\/\/tanja-hoyer.de\/index.php?rest_route=%2Fwp%2Fv2%2Fcategories&post=138"},{"taxonomy":"post_tag","embeddable":true,"href":"https:\/\/tanja-hoyer.de\/index.php?rest_route=%2Fwp%2Fv2%2Ftags&post=138"}],"curies":[{"name":"wp","href":"https:\/\/api.w.org\/{rel}","templated":true}]}}