{"id":1513,"date":"2024-12-20T14:17:04","date_gmt":"2024-12-20T13:17:04","guid":{"rendered":"https:\/\/tanja-hoyer.de\/?p=1513"},"modified":"2025-01-10T20:03:34","modified_gmt":"2025-01-10T19:03:34","slug":"umzug-zu-weihnachten","status":"publish","type":"post","link":"https:\/\/tanja-hoyer.de\/?p=1513","title":{"rendered":"Umzug zu Weihnachten"},"content":{"rendered":"<div class=\"wp-block-image\">\n<figure class=\"aligncenter size-large is-resized\"><a href=\"https:\/\/tanja-hoyer.de\/wp-content\/uploads\/2017\/12\/C674DE1A-121C-4FC2-9EB1-1C1B10D95D13_1_201_a.jpeg\"><img loading=\"lazy\" decoding=\"async\" width=\"826\" height=\"1024\" src=\"https:\/\/tanja-hoyer.de\/wp-content\/uploads\/2017\/12\/C674DE1A-121C-4FC2-9EB1-1C1B10D95D13_1_201_a-826x1024.jpeg\" alt=\"\" class=\"wp-image-751\" style=\"width:303px;height:auto\" srcset=\"https:\/\/tanja-hoyer.de\/wp-content\/uploads\/2017\/12\/C674DE1A-121C-4FC2-9EB1-1C1B10D95D13_1_201_a-826x1024.jpeg 826w, https:\/\/tanja-hoyer.de\/wp-content\/uploads\/2017\/12\/C674DE1A-121C-4FC2-9EB1-1C1B10D95D13_1_201_a-242x300.jpeg 242w, https:\/\/tanja-hoyer.de\/wp-content\/uploads\/2017\/12\/C674DE1A-121C-4FC2-9EB1-1C1B10D95D13_1_201_a-768x952.jpeg 768w, https:\/\/tanja-hoyer.de\/wp-content\/uploads\/2017\/12\/C674DE1A-121C-4FC2-9EB1-1C1B10D95D13_1_201_a-1239x1536.jpeg 1239w, https:\/\/tanja-hoyer.de\/wp-content\/uploads\/2017\/12\/C674DE1A-121C-4FC2-9EB1-1C1B10D95D13_1_201_a.jpeg 1451w\" sizes=\"auto, (max-width: 826px) 100vw, 826px\" \/><\/a><\/figure>\n<\/div>\n\n\n<p>Liebe Klient*innen, liebe Kolleg*innen, liebe Neugierige, <\/p>\n\n\n\n<p>die &#8222;Praxis f\u00fcrs Wesentliche&#8220; ist vom bis einschlie\u00dflich 6. Januar geschlossen. In dringenden F\u00e4llen f\u00fcge ich die psychosozialen Notdienste unten hinzu.<\/p>\n\n\n\n<p>Dar\u00fcber hinaus befinde ich mich leider schon wieder mitten im Umzug &#8211; die Eigent\u00fcmerin der R\u00e4umlichkeiten ist leider verstorben und das Haus wird verkauft. Ab Januar 2025 finden Sie mich weiterhin in Stuttgart. Eine finale Adresse gibt es leider noch nicht, da die Suche sicher schwieriger gestaltet als gedacht.<\/p>\n\n\n\n<p>Sobald die neue Adresse bekannt ist, werde ich sie hier ver\u00f6ffentlichen&nbsp;und einen Newsletter senden. Wenn Sie Interesse am Newsletter haben, senden Sie mir gerne eine <a href=\"mailto:tanja-hoyer@t-online.de\">E-Mail. <\/a><\/p>\n\n\n\n<p>Ich w\u00fcnsche Ihnen wunderbare Weihnachtsfeiertage und einen guten Start ins neue Jahr .<\/p>\n\n\n\n<p>Herzliche Gr\u00fc\u00dfe \ud83d\udcab\ud83e\udd36\ud83c\udffd\ud83c\udf84<\/p>\n\n\n\n<p>Tanja Hoyer&nbsp;<\/p>\n\n\n\n<p><\/p>\n\n\n\n<h2 class=\"wp-block-heading\">Psychosoziale Notdienste<\/h2>\n\n\n\n<ul class=\"wp-block-list\">\n<li><strong>Evangelische Gesellschaft (EVA)<\/strong><br>Zeiten: Mo bis Fr 9 bis 24 Uhr, Sa, So und feiertags 12 bis 24 Uhr&nbsp;<a href=\"tel:%20+49%20180%205110444\">&nbsp;+49 180 5110444<\/a>&nbsp;(* s. Hinweis unten. Mo \u2013 Fr 9 \u2013 24 Uhr, an Wochenenden und Feiertagen 12 \u2013 24 Uhr)<br>Telefon:&nbsp;<a href=\"tel:%200180%205110444\">&nbsp;0180 5110444<\/a>&nbsp;(0,14 Euro pro Minute aus dem deutschen Festnetz, bis zu 0,42 Euro pro Minute aus dem deutschen Mobilfunknetz)<br><a href=\"https:\/\/www.eva-stuttgart.de\/\" target=\"_blank\" rel=\"noreferrer noopener\">&nbsp;www.eva\u2010stuttgart.de&nbsp;<\/a><\/li>\n\n\n\n<li><strong>Kinder\u2010 und Jugendtelefon&nbsp;<\/strong><br>Zeiten: Mo bis Fr 15 bis 18 Uhr<br>Telefon:&nbsp;<a href=\"tel:%200180%20111%200%20333\">&nbsp;0180 111 0 333<\/a>&nbsp;<\/li>\n\n\n\n<li><strong>Psychiatrischer Rufbereitschaftsdienst in der Notfallpraxis Stuttgart&nbsp;<\/strong><br>Zeiten: Mo bis Fr 19 bis 0 Uhr, Sa, So, feiertags 7 bis 0 Uhr<br><a href=\"https:\/\/www.notfallpraxis-stuttgart.de\/\" target=\"_blank\" rel=\"noreferrer noopener\">&nbsp;www.notfallpraxis\u2010stuttgart.de&nbsp;<\/a><\/li>\n\n\n\n<li><strong>Telefonseelsorge&nbsp;<\/strong><br>Telefon:&nbsp;<a href=\"tel:%200800%20111%200%20111\">&nbsp;0800 111 0 111<\/a>&nbsp;(Beratungstelefon rund um die Uhr)<br>Telefon:&nbsp;<a href=\"tel:%200800%20111%200%20222\">&nbsp;0800 111 0 222<\/a>&nbsp;(Beratungstelefon rund um die Uhr)<\/li>\n<\/ul>\n","protected":false},"excerpt":{"rendered":"<p>Liebe Klient*innen, liebe Kolleg*innen, liebe Neugierige, die &#8222;Praxis f\u00fcrs Wesentliche&#8220; ist vom bis einschlie\u00dflich 6. Januar geschlossen. In dringenden F\u00e4llen f\u00fcge ich die psychosozialen Notdienste unten hinzu. Dar\u00fcber hinaus befinde ich mich leider schon wieder mitten im Umzug &#8211; die Eigent\u00fcmerin der R\u00e4umlichkeiten ist leider verstorben und das Haus wird&#8230;<\/p>\n","protected":false},"author":2,"featured_media":856,"comment_status":"open","ping_status":"open","sticky":false,"template":"","format":"standard","meta":{"footnotes":""},"categories":[1],"tags":[],"class_list":["post-1513","post","type-post","status-publish","format-standard","has-post-thumbnail","hentry","category-allgemein"],"_links":{"self":[{"href":"https:\/\/tanja-hoyer.de\/index.php?rest_route=\/wp\/v2\/posts\/1513","targetHints":{"allow":["GET"]}}],"collection":[{"href":"https:\/\/tanja-hoyer.de\/index.php?rest_route=\/wp\/v2\/posts"}],"about":[{"href":"https:\/\/tanja-hoyer.de\/index.php?rest_route=\/wp\/v2\/types\/post"}],"author":[{"embeddable":true,"href":"https:\/\/tanja-hoyer.de\/index.php?rest_route=\/wp\/v2\/users\/2"}],"replies":[{"embeddable":true,"href":"https:\/\/tanja-hoyer.de\/index.php?rest_route=%2Fwp%2Fv2%2Fcomments&post=1513"}],"version-history":[{"count":2,"href":"https:\/\/tanja-hoyer.de\/index.php?rest_route=\/wp\/v2\/posts\/1513\/revisions"}],"predecessor-version":[{"id":1518,"href":"https:\/\/tanja-hoyer.de\/index.php?rest_route=\/wp\/v2\/posts\/1513\/revisions\/1518"}],"wp:featuredmedia":[{"embeddable":true,"href":"https:\/\/tanja-hoyer.de\/index.php?rest_route=\/wp\/v2\/media\/856"}],"wp:attachment":[{"href":"https:\/\/tanja-hoyer.de\/index.php?rest_route=%2Fwp%2Fv2%2Fmedia&parent=1513"}],"wp:term":[{"taxonomy":"category","embeddable":true,"href":"https:\/\/tanja-hoyer.de\/index.php?rest_route=%2Fwp%2Fv2%2Fcategories&post=1513"},{"taxonomy":"post_tag","embeddable":true,"href":"https:\/\/tanja-hoyer.de\/index.php?rest_route=%2Fwp%2Fv2%2Ftags&post=1513"}],"curies":[{"name":"wp","href":"https:\/\/api.w.org\/{rel}","templated":true}]}}