{"id":1529,"date":"2025-01-07T20:17:48","date_gmt":"2025-01-07T19:17:48","guid":{"rendered":"https:\/\/tanja-hoyer.de\/?p=1529"},"modified":"2025-05-08T14:37:20","modified_gmt":"2025-05-08T12:37:20","slug":"es-geht-weiter-neue-raeume","status":"publish","type":"post","link":"https:\/\/tanja-hoyer.de\/?p=1529","title":{"rendered":"Es geht weiter &#8211; neue R\u00e4ume&#8230;"},"content":{"rendered":"\n<p>&#8230;im selben Haus \ud83c\udf40<\/p>\n\n\n\n<p>Tats\u00e4chlich &#8222;auf den allerletzten Dr\u00fccker\u201c, am 27. Dezember 2024, einen Tag vor dem kompletten Auszug &#8211; haben wir \u00fcberraschender Weise einen\u00a0<strong>neuen Mietvertrag<\/strong>\u00a0f\u00fcr unsere Praxisr\u00e4ume bekommen\u00a0<\/p>\n\n\n\n<p><strong>Wir ziehen zur Zeit in neue und h\u00fcbschere R\u00e4ume im selben Haus<\/strong>! So sieht es grad aus:<\/p>\n\n\n<div class=\"wp-block-image\">\n<figure class=\"aligncenter size-large is-resized\"><a href=\"https:\/\/tanja-hoyer.de\/wp-content\/uploads\/2025\/01\/IMG_7057-scaled.jpeg\"><img loading=\"lazy\" decoding=\"async\" width=\"768\" height=\"1024\" src=\"https:\/\/tanja-hoyer.de\/wp-content\/uploads\/2025\/01\/IMG_7057-768x1024.jpeg\" alt=\"\" class=\"wp-image-1530\" style=\"width:314px;height:auto\" srcset=\"https:\/\/tanja-hoyer.de\/wp-content\/uploads\/2025\/01\/IMG_7057-768x1024.jpeg 768w, https:\/\/tanja-hoyer.de\/wp-content\/uploads\/2025\/01\/IMG_7057-225x300.jpeg 225w, https:\/\/tanja-hoyer.de\/wp-content\/uploads\/2025\/01\/IMG_7057-1152x1536.jpeg 1152w, https:\/\/tanja-hoyer.de\/wp-content\/uploads\/2025\/01\/IMG_7057-1536x2048.jpeg 1536w, https:\/\/tanja-hoyer.de\/wp-content\/uploads\/2025\/01\/IMG_7057-scaled.jpeg 1920w\" sizes=\"auto, (max-width: 768px) 100vw, 768px\" \/><\/a><\/figure>\n<\/div>\n\n\n<p><strong>Ich freue mich riesig auf die Arbeit dort in 2025!&nbsp;<\/strong>Ab dem&nbsp;<strong>09. Januar 2025&nbsp;<\/strong>geht es wieder los. Sollten Sie\/solltest Du in den kommenden Wochen einen Termin haben sehen wir uns im Erdgeschoss, in der Libanonstra\u00dfe 49, im Stuttgarter Osten. Sollte ich Sie\/Dich mit einem Termin vertr\u00f6stet haben, weil es noch keine neue Adresse gab, k\u00f6nnen wir jetzt nach einem Termin schauen.<\/p>\n\n\n\n<p><strong>Termine f\u00fcr gemischte Prozess- und M\u00e4nnerabende&nbsp;<\/strong>findest Du in den&nbsp;<strong>kommenden 14 Tagen auf meiner Homepage unter den News.<\/strong><\/p>\n\n\n\n<p>Ich<strong>&nbsp;danke allen&nbsp;<\/strong>helfenden, tragenden, malenden, putzenden und supportenden Menschen von ganzem Herzen f\u00fcr die wunderbare Unterst\u00fctzung &#8211;&nbsp;<strong>ohne euch h\u00e4tte das alles nicht ansatzweise so gut geklappt!!!&nbsp;<\/strong>\ud83d\ude4f\ud83c\udf40\ud83d\udc96<\/p>\n\n\n\n<p>Ein tolles neues Jahr w\u00fcnsche ich\u00a0\ud83d\udc37\ud83c\udf40\ud83d\udca5<\/p>\n\n\n\n<p>und ganz herzliche Gr\u00fc\u00dfe<\/p>\n\n\n\n<p>Tanja<\/p>\n","protected":false},"excerpt":{"rendered":"<p>&#8230;im selben Haus \ud83c\udf40 Tats\u00e4chlich &#8222;auf den allerletzten Dr\u00fccker\u201c, am 27. Dezember 2024, einen Tag vor dem kompletten Auszug &#8211; haben wir \u00fcberraschender Weise einen\u00a0neuen Mietvertrag\u00a0f\u00fcr unsere Praxisr\u00e4ume bekommen\u00a0 Wir ziehen zur Zeit in neue und h\u00fcbschere R\u00e4ume im selben Haus! So sieht es grad aus: Ich freue mich riesig&#8230;<\/p>\n","protected":false},"author":2,"featured_media":1603,"comment_status":"open","ping_status":"open","sticky":false,"template":"","format":"standard","meta":{"footnotes":""},"categories":[1],"tags":[],"class_list":["post-1529","post","type-post","status-publish","format-standard","has-post-thumbnail","hentry","category-allgemein"],"_links":{"self":[{"href":"https:\/\/tanja-hoyer.de\/index.php?rest_route=\/wp\/v2\/posts\/1529","targetHints":{"allow":["GET"]}}],"collection":[{"href":"https:\/\/tanja-hoyer.de\/index.php?rest_route=\/wp\/v2\/posts"}],"about":[{"href":"https:\/\/tanja-hoyer.de\/index.php?rest_route=\/wp\/v2\/types\/post"}],"author":[{"embeddable":true,"href":"https:\/\/tanja-hoyer.de\/index.php?rest_route=\/wp\/v2\/users\/2"}],"replies":[{"embeddable":true,"href":"https:\/\/tanja-hoyer.de\/index.php?rest_route=%2Fwp%2Fv2%2Fcomments&post=1529"}],"version-history":[{"count":1,"href":"https:\/\/tanja-hoyer.de\/index.php?rest_route=\/wp\/v2\/posts\/1529\/revisions"}],"predecessor-version":[{"id":1531,"href":"https:\/\/tanja-hoyer.de\/index.php?rest_route=\/wp\/v2\/posts\/1529\/revisions\/1531"}],"wp:featuredmedia":[{"embeddable":true,"href":"https:\/\/tanja-hoyer.de\/index.php?rest_route=\/wp\/v2\/media\/1603"}],"wp:attachment":[{"href":"https:\/\/tanja-hoyer.de\/index.php?rest_route=%2Fwp%2Fv2%2Fmedia&parent=1529"}],"wp:term":[{"taxonomy":"category","embeddable":true,"href":"https:\/\/tanja-hoyer.de\/index.php?rest_route=%2Fwp%2Fv2%2Fcategories&post=1529"},{"taxonomy":"post_tag","embeddable":true,"href":"https:\/\/tanja-hoyer.de\/index.php?rest_route=%2Fwp%2Fv2%2Ftags&post=1529"}],"curies":[{"name":"wp","href":"https:\/\/api.w.org\/{rel}","templated":true}]}}