{"id":546,"date":"2018-07-01T17:10:15","date_gmt":"2018-07-01T15:10:15","guid":{"rendered":"https:\/\/tanja-hoyer.de\/?p=546"},"modified":"2025-05-08T14:43:23","modified_gmt":"2025-05-08T12:43:23","slug":"sommerurlaub-2","status":"publish","type":"post","link":"https:\/\/tanja-hoyer.de\/?p=546","title":{"rendered":"Sommerurlaub"},"content":{"rendered":"<p>Liebe KlientInnen, liebe KollegInnen, liebe Neugierige,<\/p>\n<p>von Samstag, den 7. Juli bis einschlie\u00dflich Dienstag, den 17. Juli 2018 mache ich Urlaub.<\/p>\n<p>In dringenden F\u00e4llen wenden Sie sich bitte an den <strong>Psychiatrischer Notfalldienst in Stuttgart, Telefon 0711 &#8211; 116117<\/strong>.<\/p>\n<p>F\u00fcr Terminvergabe oder ggf. Absagen erreichen Sie mich in unregelm\u00e4\u00dfigen Abst\u00e4nden per E-Mail, telefonisch wieder am Mittwoch, den 18. Juli 2018.<\/p>\n<p>Bis dahin eine gute Zeit f\u00fcr Sie.<\/p>\n<p>Tanja Hoyer<\/p>\n<p>&nbsp;<\/p>\n","protected":false},"excerpt":{"rendered":"<p>Liebe KlientInnen, liebe KollegInnen, liebe Neugierige, von Samstag, den 7. Juli bis einschlie\u00dflich Dienstag, den 17. Juli 2018 mache ich Urlaub. In dringenden F\u00e4llen wenden Sie sich bitte an den Psychiatrischer Notfalldienst in Stuttgart, Telefon 0711 &#8211; 116117. F\u00fcr Terminvergabe oder ggf. Absagen erreichen Sie mich in unregelm\u00e4\u00dfigen Abst\u00e4nden per&#8230;<\/p>\n","protected":false},"author":2,"featured_media":547,"comment_status":"closed","ping_status":"closed","sticky":false,"template":"","format":"standard","meta":{"footnotes":""},"categories":[1,4],"tags":[],"class_list":["post-546","post","type-post","status-publish","format-standard","has-post-thumbnail","hentry","category-allgemein","category-termine"],"_links":{"self":[{"href":"https:\/\/tanja-hoyer.de\/index.php?rest_route=\/wp\/v2\/posts\/546","targetHints":{"allow":["GET"]}}],"collection":[{"href":"https:\/\/tanja-hoyer.de\/index.php?rest_route=\/wp\/v2\/posts"}],"about":[{"href":"https:\/\/tanja-hoyer.de\/index.php?rest_route=\/wp\/v2\/types\/post"}],"author":[{"embeddable":true,"href":"https:\/\/tanja-hoyer.de\/index.php?rest_route=\/wp\/v2\/users\/2"}],"replies":[{"embeddable":true,"href":"https:\/\/tanja-hoyer.de\/index.php?rest_route=%2Fwp%2Fv2%2Fcomments&post=546"}],"version-history":[{"count":2,"href":"https:\/\/tanja-hoyer.de\/index.php?rest_route=\/wp\/v2\/posts\/546\/revisions"}],"predecessor-version":[{"id":549,"href":"https:\/\/tanja-hoyer.de\/index.php?rest_route=\/wp\/v2\/posts\/546\/revisions\/549"}],"wp:featuredmedia":[{"embeddable":true,"href":"https:\/\/tanja-hoyer.de\/index.php?rest_route=\/wp\/v2\/media\/547"}],"wp:attachment":[{"href":"https:\/\/tanja-hoyer.de\/index.php?rest_route=%2Fwp%2Fv2%2Fmedia&parent=546"}],"wp:term":[{"taxonomy":"category","embeddable":true,"href":"https:\/\/tanja-hoyer.de\/index.php?rest_route=%2Fwp%2Fv2%2Fcategories&post=546"},{"taxonomy":"post_tag","embeddable":true,"href":"https:\/\/tanja-hoyer.de\/index.php?rest_route=%2Fwp%2Fv2%2Ftags&post=546"}],"curies":[{"name":"wp","href":"https:\/\/api.w.org\/{rel}","templated":true}]}}