{"id":762,"date":"2020-03-25T16:53:34","date_gmt":"2020-03-25T15:53:34","guid":{"rendered":"https:\/\/tanja-hoyer.de\/?p=762"},"modified":"2025-05-08T14:42:16","modified_gmt":"2025-05-08T12:42:16","slug":"meine-gedanken-zu-corona","status":"publish","type":"post","link":"https:\/\/tanja-hoyer.de\/?p=762","title":{"rendered":"Weitere, pers\u00f6nliche Gedanken zu Corona"},"content":{"rendered":"\n<p>Heute fr\u00fch war ich bei einem Freund zum fr\u00fchst\u00fccken &#8222;Sie wissen ja&#8220;, die eine Handvoll Leute zu denen ich Kontakt halte &#8211; ich nenne Sie &#8222;meine Wahlfamilie&#8220;. Es ist sehr fein, gewisse allt\u00e4gliche Dinge weiter zu f\u00fchren, die dann eben doch ganz anders sind.<\/p>\n\n\n\n<p>Wir waren zu dritt und alle drei sehr gl\u00fccklich \u00fcber diese Zusammenkunft. Auch wenn wir uns die letzten Jahre sehr nah waren, in dieser Konstellation haben wir noch nie miteinander gefr\u00fchst\u00fcckt. <\/p>\n\n\n\n<p>Also eben doch nicht allt\u00e4glich, und auch die Gespr\u00e4che waren nicht allt\u00e4glich. Zu meiner Wahlfamilie geh\u00f6ren mindestens 6 aber eigentlich sogar 8 Menschen. Es gibt aber drei unter uns, die sich im Grunde genommen komplett isolieren. Ja, wie gerade so viele in unserer Gesellschaft. <\/p>\n\n\n\n<p>Momentan habe ich mehr oder weniger einen Konflikt mit zweien, ganz lieben Freunden*innen aus diesem Kreis. Beide haben eine ganz andere Haltung zu der Corona-Thematik als ich. Ehrlich gesagt haben wohl sehr viele eine g\u00e4nzlich andere Haltung dazu. Letzten Endes darf das nat\u00fcrlich jede*r, wir sind eben alle sehr unterschiedlich.<\/p>\n\n\n\n<p>Aber ich merke, dass ich gr\u00f6\u00dfte Widerst\u00e4nde bekomme, wenn Massen sich \u00fcber andere stellen und wenn Intuition und eigenes Wohlbefinden nicht mehr z\u00e4hlen. Meine Freundin Ella erz\u00e4hlte heute fr\u00fch, dass ein Bekannter von ihr Polizist ist und ihr gestern in einem Telefonat erz\u00e4hlt hat, dass die haupts\u00e4chlichen Anrufer*innen in der Wache gerade Menschen sind, die ihre Nachbarn verpfeiffen &#8211; weil diese Besucher haben. Ich grusele mich sehr davor, dass so etwas gerade geschieht. Sascha Lobo beschreibt es, in seinem Artikel im Spiegel <a href=\"https:\/\/www.spiegel.de\/netzwelt\/netzpolitik\/corona-gesellschaft-wider-die-vernunftpanik-kolumne-a-772e1651-f393-4bc6-8f79-79dc7a5ed025?fbclid=IwAR2Ii6YXFBtfXnPo8lEIbdmaBrdaepdaVw8PlwD-zQQV2GN0Phegqx_YZKQ\">(Wider die Vernunftspanik<\/a>), sehr gut. <\/p>\n\n\n\n<p>Meine Mitbewohnerin und liebste Freundin Sandra ist, wenn ich es im wortlaut von Sascha Lobo nenne, eher &#8222;vernunftspanisch&#8220; und ich bin bin das Gegenteil davon und zwar &#8222;reaktiv&#8220;.  Das f\u00fchrte  hier in den ersten Tagen nat\u00fcrlich zu vielen Gespr\u00e4chen und zweimal sind wir beide um Haaresbreite an einem fetten Krach vorbei geschliddert. Also ist die CoronaZeit auch eine Zeit in der wir sehr genau austarieren m\u00fcssen, wie wir die\/den anderen so lassen k\u00f6nnen wie sie\/er ist. <\/p>\n\n\n\n<p>Mit meinem anderen lieben Freund gibt es den Konflikt, dass er mich gerne sehen w\u00fcrde, aber nur indem er darauf besteht, dass wir 1,5 Meter Abstand zueinander haben. Und das obwohl er und ich weder Kontakt zu einer RisikoGruppe haben, noch wirklich gef\u00e4hrdet sind. Nun gut, er darf das nat\u00fcrlich selber entscheiden &#8211; aber ich merke, dass ich in dieser Zeit &#8211; in der nichts mehr normal scheint &#8211; ein sehr gro\u00dfes Bed\u00fcrfnis nach (wenigstens) etwas Normalit\u00e4t habe. Also erscheint es mir schr\u00e4g, von jemandem dem ich sonst k\u00f6rperlich sehr nah bin, so weit entfernt zu sein und ich mag mich da nicht verstellen m\u00fcssen. Wir haben mehrfach dr\u00fcber gesprochen und finden momentan auch keinen Konsens &#8211; also telefonieren wir regelm\u00e4\u00dfig uns treffen uns nicht. <\/p>\n\n\n\n<p>Spannend ist es, dass sich alle Gespr\u00e4che permanent um Corona drehen, das darf man, das ist verboten, nein das geht nicht, oh Gott wie schlimm. Was ich momentan sehr kompliziert finde ist, dass es in dieser Massenhysterie keinen offenen Diskurs mehr gibt. Entweder man h\u00e4lt sich an genau das was unser Staat vorgibt oder man wird verpfiffen und\/oder \u00f6ffentlich gesteinigt. Ich habe bei Twitter sogar Tweets gelesen in denen Menschen quasi als &#8222;M\u00f6rder&#8220; bezeichnet wurden, weil sie sich nicht an die Allgemeinen Regeln halten. Ich habe Bilder aus Stuttgart in der Medien gesehen, auf denen Polizisten gewaltsam \u00fcber Obdachlose hergefallen sind, weil sie mit mehr als zwei Menschen zusammen standen. <\/p>\n\n\n\n<p>Kaum jemand hinterfragt, ob es rechtens ist, solche Ausgangssperren zu verh\u00e4ngen. Eine ganze Nation spurt ohne zu widersprechen. Damit m\u00f6chte ich jetzt nicht sagen, dass Sie alle rebellieren sollen oder das ich es f\u00fcr Schwachsinn halte, den Virus so zu einzud\u00e4mmen. Ich m\u00f6chte nur verdeutlichen, dass ich das was gerade passiert weder von der einen, noch von der anderen Seite f\u00fcr gut heisse.<\/p>\n\n\n\n<p>Als Therapeutin bin ich haupts\u00e4chlich damit besch\u00e4ftigt, dass ich Menschen darin unterst\u00fctze, erneut zu lernen wie man f\u00fchlt, sich selber zu entfalten und heraus zu finden, was gut und was schlecht f\u00fcr sie ganz pers\u00f6nlich ist. Glauben Sie mir, unglaublich viele Menschen haben nicht den blassesten Schimmer von ihren eigenen Gef\u00fchlen &#8211; sie funktionieren in einer Welt in der man genau das tun muss &#8211; funktionieren. Schw\u00e4chen sind im Alltag immer noch ein sehr L\u00e4stiges. <\/p>\n\n\n\n<p>Aber, was genau f\u00fchlen Sie denn? Angst, Angst vor dem Tod? Oder Wut, weil Sie sich eingesperrt f\u00fchlen? Was ist denn f\u00fcr Sie jetzt eigentlich wirklich wichtig um gesund zu bleiben? Angst l\u00f6st im \u00fcbrigen Stress aus, was wiederum alles andere als gut f\u00fcrs Immunsystem ist. <\/p>\n\n\n\n<p>Ich pers\u00f6nlich brauche ein wenig Normalit\u00e4t und K\u00f6rperkontakt &#8211; Kontakt zu meinen Liebsten. (Wenn ich schon kaum noch so arbeiten kann, wie ich es normalerweise tue) Das werde ich mir nicht nehmen lassen, vor allem wenn ich gesund bleiben m\u00f6chte. Und noch einmal, ich bewege mich dabei safe durch die Welt, wasche meine H\u00e4nde, falle keinem wildfremden um den Hals, knutsche nicht mit der Kassiererin um die Ecke.<\/p>\n\n\n\n<p>Heute fr\u00fch haben wir dar\u00fcber geredet, dass dies vielleicht eine Chance sein kann, Dinge zu ver\u00e4ndern, anders aufeinander zu zu gehen und vor allem genau zu schauen, was wirklich z\u00e4hlt. Pl\u00f6tzlich k\u00f6nnen alle Homeoffice machen, keiner fliegt mehr durch die Gegend, wir m\u00fcssen nicht shoppen und Geld ausgeben, wir besinnen uns darauf anderen Menschen wieder zu helfen, es sind viel weniger Autos auf den Stra\u00dfen. Das Geld ist pl\u00f6tzlich an vielen Ecken nicht mehr so wichtig wie es sonst war. <\/p>\n\n\n\n<p>Aber wer fragt denn eigentlich die \u00e4lteren Menschen im Pflegeheim, ob sie lieber soziale Kontakte haben w\u00fcrden, anstatt isoliert zu werden um ein l\u00e4ngeres Leben leben zu haben? Oder die Patienten im Krankenhaus, die alleine sterben m\u00fcssen, weil ihre Angeh\u00f6rigen nicht mehr rein d\u00fcrfen?<\/p>\n\n\n\n<p>Noch was, im Jahr sterben 3,1 Millionen Kinder unter f\u00fcnf Jahren weil sie verhungern. Das scheint niemanden zu interessieren.  Vermutlich werde ich gleich auf meiner eignen Homepage gesteinigt, wenn ich jetzt noch schreibe, dass wir viel zu viele Menschen auf einem Planten sind, der langsam vor die Hunde geht. Und das Leben von Menschen im falschen Land unter den falschen Umst\u00e4nden leben z\u00e4hlt gar nichts, dort wo das Leben von den Menschen auf der anderen Seite der Welthalbkugel alles z\u00e4hlt.  Ich halte das alles f\u00fcr ziemlich verzerrt. Wie steht es um die Relationen &#8211; ich m\u00f6chte nat\u00fcrlich auch nicht, dass meine Liebsten sterben aber Sterben geh\u00f6rt zum Leben dazu.<\/p>\n\n\n\n<p>Schon ein sehr komischer Ort dieses Erde und dieses Leben. Mhh, nun war dieses Thema viel ernster als gestern. Dennoch ist es das was mich bewegt, es ist auch das was mir Angst macht.<\/p>\n\n\n\n<p>Und ich nehme es als Chance &#8211; eine Chance genau zu schauen ob und wie wir weiter machen k\u00f6nnen und sollten.<\/p>\n\n\n\n<p>Was meinen Sie?<\/p>\n\n\n\n<p><\/p>\n","protected":false},"excerpt":{"rendered":"<p>Heute fr\u00fch war ich bei einem Freund zum fr\u00fchst\u00fccken &#8222;Sie wissen ja&#8220;, die eine Handvoll Leute zu denen ich Kontakt halte &#8211; ich nenne Sie &#8222;meine Wahlfamilie&#8220;. Es ist sehr fein, gewisse allt\u00e4gliche Dinge weiter zu f\u00fchren, die dann eben doch ganz anders sind. Wir waren zu dritt und alle&#8230;<\/p>\n","protected":false},"author":2,"featured_media":1620,"comment_status":"open","ping_status":"open","sticky":false,"template":"","format":"standard","meta":{"footnotes":""},"categories":[7,1],"tags":[],"class_list":["post-762","post","type-post","status-publish","format-standard","has-post-thumbnail","hentry","category-dies-und-das","category-allgemein"],"_links":{"self":[{"href":"https:\/\/tanja-hoyer.de\/index.php?rest_route=\/wp\/v2\/posts\/762","targetHints":{"allow":["GET"]}}],"collection":[{"href":"https:\/\/tanja-hoyer.de\/index.php?rest_route=\/wp\/v2\/posts"}],"about":[{"href":"https:\/\/tanja-hoyer.de\/index.php?rest_route=\/wp\/v2\/types\/post"}],"author":[{"embeddable":true,"href":"https:\/\/tanja-hoyer.de\/index.php?rest_route=\/wp\/v2\/users\/2"}],"replies":[{"embeddable":true,"href":"https:\/\/tanja-hoyer.de\/index.php?rest_route=%2Fwp%2Fv2%2Fcomments&post=762"}],"version-history":[{"count":2,"href":"https:\/\/tanja-hoyer.de\/index.php?rest_route=\/wp\/v2\/posts\/762\/revisions"}],"predecessor-version":[{"id":766,"href":"https:\/\/tanja-hoyer.de\/index.php?rest_route=\/wp\/v2\/posts\/762\/revisions\/766"}],"wp:featuredmedia":[{"embeddable":true,"href":"https:\/\/tanja-hoyer.de\/index.php?rest_route=\/wp\/v2\/media\/1620"}],"wp:attachment":[{"href":"https:\/\/tanja-hoyer.de\/index.php?rest_route=%2Fwp%2Fv2%2Fmedia&parent=762"}],"wp:term":[{"taxonomy":"category","embeddable":true,"href":"https:\/\/tanja-hoyer.de\/index.php?rest_route=%2Fwp%2Fv2%2Fcategories&post=762"},{"taxonomy":"post_tag","embeddable":true,"href":"https:\/\/tanja-hoyer.de\/index.php?rest_route=%2Fwp%2Fv2%2Ftags&post=762"}],"curies":[{"name":"wp","href":"https:\/\/api.w.org\/{rel}","templated":true}]}}